{"id":8539,"date":"2026-04-30T17:49:27","date_gmt":"2026-04-30T15:49:27","guid":{"rendered":"https:\/\/www.ca-personalfinancemobility.com\/?post_type=actualite&#038;p=8539"},"modified":"2026-04-30T18:14:04","modified_gmt":"2026-04-30T16:14:04","slug":"first-quarter-2026-results-of-credit-agricole-s-a","status":"publish","type":"actualite","link":"https:\/\/www.ca-personalfinancemobility.com\/en\/actualite\/first-quarter-2026-results-of-credit-agricole-s-a\/","title":{"rendered":"First quarter 2026 results of Cr\u00e9dit Agricole S.A."},"content":{"rendered":"\n<p><strong>Discover the results of the first quarter of 2026 of Cr\u00e9dit Agricole S.A.<\/strong><\/p>\n\n\n\n<p><\/p>\n\n\n    <section class=\"bloc-capfm-citation_extended\" style=\"--background-color:#ffffff;\">\r\n            <div class=\"content\">\r\n                <div class=\"image\">\r\n                                            <img decoding=\"async\" src=\"https:\/\/www.ca-personalfinancemobility.com\/wp-content\/uploads\/3e0102dd02a2-Portrait-Eric-Vial.jpg\" alt=\"\" \/>\r\n                                    <\/div>\r\n            <\/div>\r\n            <div class=\"quote\" style=\"color: #000000;\">\r\n                \n\n<blockquote class=\"wp-block-quote is-layout-flow wp-block-quote-is-layout-flow\">\n<p><em><em><em>The strength of the first quarter results is not a coincidence: it is based on a unique, diversified model, rooted in the territories, which demonstrates its relevance quarter after quarter. In a more volatile environment, Cr\u00e9dit Agricole fully assumes its mission: to provide long-term support to its customers, sustain local economies and actively contribute to the major transformations underway, with consistency and a sense of responsibility.<\/em><\/em><\/em><\/p>\n<\/blockquote>\n\n\r\n                <div class=\"quote-footer\">\r\n                                        <div>\r\n                                                <div class=\"names\" style=\"color: #000000;\">\u00c9ric Vial<\/div>\r\n                                                                            <div class=\"job\" style=\"color: #000000;\">Chairman of Cr\u00e9dit Agricole S.A. and the F\u00e9d\u00e9ration nationale du Cr\u00e9dit Agricole<\/div>\r\n                                            <\/div>\r\n                <\/div>\r\n            <\/div>\r\n    <\/section>\r\n\n\n    <section class=\"bloc-capfm-citation_extended\" style=\"--background-color:#ffffff;\">\r\n            <div class=\"content\">\r\n                <div class=\"image\">\r\n                                            <img decoding=\"async\" src=\"https:\/\/www.ca-personalfinancemobility.com\/wp-content\/uploads\/6c3a04a9402a-Portrait-Olivier-Gavalda.jpg\" alt=\"\" \/>\r\n                                    <\/div>\r\n            <\/div>\r\n            <div class=\"quote\" style=\"color: #000000;\">\r\n                \n\n<blockquote class=\"wp-block-quote is-layout-flow wp-block-quote-is-layout-flow\">\n<p><em><em>Despite the challenges, the Group posted solid and growing results for the first quarter. These results reflect a sustained development across all the business lines, an acceleration in the digitalisation of customer journeys, and continued expansion in Europe. The efficient cost management enabled the Group to achieve a 6.2%&nbsp;increase in operating profit compared to the first quarter of&nbsp;2025<\/em>.<\/em><\/p>\n<\/blockquote>\n\n\r\n                <div class=\"quote-footer\">\r\n                                        <div>\r\n                                                <div class=\"names\" style=\"color: #000000;\">Olivier Gavalda<\/div>\r\n                                                                            <div class=\"job\" style=\"color: #000000;\">Chief Executive Officer of Cr\u00e9dit Agricole S.A.<\/div>\r\n                                            <\/div>\r\n                <\/div>\r\n            <\/div>\r\n    <\/section>\r\n\n\n\n<p>Click the links below:<\/p>\n\n\n\n<ul class=\"wp-block-list has-casa-secondary-5-background-color has-background\">\n<li><a href=\"https:\/\/presse.credit-agricole.com\/resultats-du-1er-trimestre-2026-468894\/?lang=eng\" target=\"_blank\" rel=\"noreferrer noopener\" aria-label=\"To read the press release, nouvel onglet\">To read the press release<\/a><\/li>\n\n\n\n<li><a href=\"https:\/\/www.credit-agricole.com\/en\/news-channels\/the-channels\/newsflash\/interview-with-clotilde-l-angevin-robust-results-a-controlled-management-framework-and-the-strength-of-our-capital-position-support-our-progress\" target=\"_blank\" rel=\"noreferrer noopener\" aria-label=\"To see the interview with Clotilde L\u2019Angevin, Deputy General Manager of Cr\u00e9dit Agricole S.A., in charge of Finance and Steering division, nouvel onglet\">To see the interview with Clotilde L\u2019Angevin, Deputy General Manager of Cr\u00e9dit Agricole S.A., in charge of Finance and Steering division<\/a><\/li>\n\n\n\n<li><a href=\"https:\/\/www.credit-agricole.com\/en\/news-channels\/the-channels\/newsflash\/interview-with-anne-catherine-ropers-significant-full-year-earnings-and-a-transitional-fourth-quarter-marked-by-the-launch-of-the-new-mtp\" target=\"_blank\" rel=\"noreferrer noopener\" aria-label=\"To see the interview Anne-Catherine Ropers, Group Head of Human Resources at Cr\u00e9dit Agricole S.A., nouvel onglet\">To see the interview Anne-Catherine Ropers, Group Head of Human Resources at Cr\u00e9dit Agricole S.A.<\/a><\/li>\n\n\n\n<li><a href=\"https:\/\/www.credit-agricole.com\/finance\" target=\"_blank\" rel=\"noreferrer noopener\" aria-label=\"Find all the financial information of Cr\u00e9dit Agricole S.A. and of the Cr\u00e9dit Agricole Group, nouvel onglet\"><u>Find all the financial information of Cr\u00e9dit Agricole S.A. and of the Cr\u00e9dit Agricole Group<\/u><\/a><\/li>\n<\/ul>\n\n\n\n<p><\/p>\n","protected":false},"excerpt":{"rendered":"<p>Discover the results of the first quarter of 2026 of Cr\u00e9dit Agricole S.A.<\/p>\n","protected":false},"featured_media":8537,"parent":0,"menu_order":0,"template":"","meta":{"_acf_changed":false,"footnotes":""},"categorie-actualite":[],"class_list":["post-8539","actualite","type-actualite","status-publish","has-post-thumbnail","hentry"],"acf":[],"yoast_head":"<!-- This site is optimized with the Yoast SEO plugin v27.4 - https:\/\/yoast.com\/product\/yoast-seo-wordpress\/ -->\n<title>R\u00e9sultats du 3e trimestre et des 9 premiers mois de l\u2019ann\u00e9e 2025<\/title>\n<meta name=\"description\" content=\"Activit\u00e9 soutenue et r\u00e9sultats \u00e9lev\u00e9s\" \/>\n<meta name=\"robots\" content=\"index, follow, max-snippet:-1, max-image-preview:large, max-video-preview:-1\" \/>\n<link rel=\"canonical\" href=\"https:\/\/www.ca-personalfinancemobility.com\/en\/actualite\/first-quarter-2026-results-of-credit-agricole-s-a\/\" \/>\n<meta property=\"og:locale\" content=\"en_US\" \/>\n<meta property=\"og:type\" content=\"article\" \/>\n<meta property=\"og:title\" content=\"R\u00e9sultats du 3e trimestre et des 9 premiers mois de l\u2019ann\u00e9e 2025\" \/>\n<meta property=\"og:description\" content=\"Activit\u00e9 soutenue et r\u00e9sultats \u00e9lev\u00e9s\" \/>\n<meta property=\"og:url\" content=\"https:\/\/www.ca-personalfinancemobility.com\/en\/actualite\/first-quarter-2026-results-of-credit-agricole-s-a\/\" \/>\n<meta property=\"og:site_name\" content=\"CA Personal Finance &amp; Mobility\" \/>\n<meta property=\"article:modified_time\" content=\"2026-04-30T16:14:04+00:00\" \/>\n<meta property=\"og:image\" content=\"https:\/\/www.ca-personalfinancemobility.com\/wp-content\/uploads\/T1-2026_1052x554-HEADER.jpg\" \/>\n\t<meta property=\"og:image:width\" content=\"1052\" \/>\n\t<meta property=\"og:image:height\" content=\"554\" \/>\n\t<meta property=\"og:image:type\" content=\"image\/jpeg\" \/>\n<meta name=\"twitter:card\" content=\"summary_large_image\" \/>\n<meta name=\"twitter:label1\" content=\"Est. reading time\" \/>\n\t<meta name=\"twitter:data1\" content=\"1 minute\" \/>\n<script type=\"application\/ld+json\" class=\"yoast-schema-graph\">{\"@context\":\"https:\\\/\\\/schema.org\",\"@graph\":[{\"@type\":\"WebPage\",\"@id\":\"https:\\\/\\\/www.ca-personalfinancemobility.com\\\/en\\\/actualite\\\/first-quarter-2026-results-of-credit-agricole-s-a\\\/\",\"url\":\"https:\\\/\\\/www.ca-personalfinancemobility.com\\\/en\\\/actualite\\\/first-quarter-2026-results-of-credit-agricole-s-a\\\/\",\"name\":\"R\u00e9sultats du 3e trimestre et des 9 premiers mois de l\u2019ann\u00e9e 2025\",\"isPartOf\":{\"@id\":\"https:\\\/\\\/www.ca-personalfinancemobility.com\\\/en\\\/#website\"},\"primaryImageOfPage\":{\"@id\":\"https:\\\/\\\/www.ca-personalfinancemobility.com\\\/en\\\/actualite\\\/first-quarter-2026-results-of-credit-agricole-s-a\\\/#primaryimage\"},\"image\":{\"@id\":\"https:\\\/\\\/www.ca-personalfinancemobility.com\\\/en\\\/actualite\\\/first-quarter-2026-results-of-credit-agricole-s-a\\\/#primaryimage\"},\"thumbnailUrl\":\"https:\\\/\\\/www.ca-personalfinancemobility.com\\\/wp-content\\\/uploads\\\/T1-2026_1052x554-HEADER.jpg\",\"datePublished\":\"2026-04-30T15:49:27+00:00\",\"dateModified\":\"2026-04-30T16:14:04+00:00\",\"description\":\"Activit\u00e9 soutenue et r\u00e9sultats \u00e9lev\u00e9s\",\"breadcrumb\":{\"@id\":\"https:\\\/\\\/www.ca-personalfinancemobility.com\\\/en\\\/actualite\\\/first-quarter-2026-results-of-credit-agricole-s-a\\\/#breadcrumb\"},\"inLanguage\":\"en-US\",\"potentialAction\":[{\"@type\":\"ReadAction\",\"target\":[\"https:\\\/\\\/www.ca-personalfinancemobility.com\\\/en\\\/actualite\\\/first-quarter-2026-results-of-credit-agricole-s-a\\\/\"]}]},{\"@type\":\"ImageObject\",\"inLanguage\":\"en-US\",\"@id\":\"https:\\\/\\\/www.ca-personalfinancemobility.com\\\/en\\\/actualite\\\/first-quarter-2026-results-of-credit-agricole-s-a\\\/#primaryimage\",\"url\":\"https:\\\/\\\/www.ca-personalfinancemobility.com\\\/wp-content\\\/uploads\\\/T1-2026_1052x554-HEADER.jpg\",\"contentUrl\":\"https:\\\/\\\/www.ca-personalfinancemobility.com\\\/wp-content\\\/uploads\\\/T1-2026_1052x554-HEADER.jpg\",\"width\":1052,\"height\":554},{\"@type\":\"BreadcrumbList\",\"@id\":\"https:\\\/\\\/www.ca-personalfinancemobility.com\\\/en\\\/actualite\\\/first-quarter-2026-results-of-credit-agricole-s-a\\\/#breadcrumb\",\"itemListElement\":[{\"@type\":\"ListItem\",\"position\":1,\"name\":\"Accueil\",\"item\":\"https:\\\/\\\/www.ca-personalfinancemobility.com\\\/en\\\/\"},{\"@type\":\"ListItem\",\"position\":2,\"name\":\"First quarter 2026 results of Cr\u00e9dit Agricole S.A.\"}]},{\"@type\":\"WebSite\",\"@id\":\"https:\\\/\\\/www.ca-personalfinancemobility.com\\\/en\\\/#website\",\"url\":\"https:\\\/\\\/www.ca-personalfinancemobility.com\\\/en\\\/\",\"name\":\"CA Personal Finance & Mobility\",\"description\":\"\",\"publisher\":{\"@id\":\"https:\\\/\\\/www.ca-personalfinancemobility.com\\\/en\\\/#organization\"},\"potentialAction\":[{\"@type\":\"SearchAction\",\"target\":{\"@type\":\"EntryPoint\",\"urlTemplate\":\"https:\\\/\\\/www.ca-personalfinancemobility.com\\\/en\\\/?s={search_term_string}\"},\"query-input\":{\"@type\":\"PropertyValueSpecification\",\"valueRequired\":true,\"valueName\":\"search_term_string\"}}],\"inLanguage\":\"en-US\"},{\"@type\":\"Organization\",\"@id\":\"https:\\\/\\\/www.ca-personalfinancemobility.com\\\/en\\\/#organization\",\"name\":\"CA Personal Finance & Mobility\",\"url\":\"https:\\\/\\\/www.ca-personalfinancemobility.com\\\/en\\\/\",\"logo\":{\"@type\":\"ImageObject\",\"inLanguage\":\"en-US\",\"@id\":\"https:\\\/\\\/www.ca-personalfinancemobility.com\\\/en\\\/#\\\/schema\\\/logo\\\/image\\\/\",\"url\":\"https:\\\/\\\/www.ca-personalfinancemobility.com\\\/wp-content\\\/uploads\\\/CAPFM.svg\",\"contentUrl\":\"https:\\\/\\\/www.ca-personalfinancemobility.com\\\/wp-content\\\/uploads\\\/CAPFM.svg\",\"caption\":\"CA Personal Finance & Mobility\"},\"image\":{\"@id\":\"https:\\\/\\\/www.ca-personalfinancemobility.com\\\/en\\\/#\\\/schema\\\/logo\\\/image\\\/\"}}]}<\/script>\n<!-- \/ Yoast SEO plugin. -->","yoast_head_json":{"title":"R\u00e9sultats du 3e trimestre et des 9 premiers mois de l\u2019ann\u00e9e 2025","description":"Activit\u00e9 soutenue et r\u00e9sultats \u00e9lev\u00e9s","robots":{"index":"index","follow":"follow","max-snippet":"max-snippet:-1","max-image-preview":"max-image-preview:large","max-video-preview":"max-video-preview:-1"},"canonical":"https:\/\/www.ca-personalfinancemobility.com\/en\/actualite\/first-quarter-2026-results-of-credit-agricole-s-a\/","og_locale":"en_US","og_type":"article","og_title":"R\u00e9sultats du 3e trimestre et des 9 premiers mois de l\u2019ann\u00e9e 2025","og_description":"Activit\u00e9 soutenue et r\u00e9sultats \u00e9lev\u00e9s","og_url":"https:\/\/www.ca-personalfinancemobility.com\/en\/actualite\/first-quarter-2026-results-of-credit-agricole-s-a\/","og_site_name":"CA Personal Finance & Mobility","article_modified_time":"2026-04-30T16:14:04+00:00","og_image":[{"width":1052,"height":554,"url":"https:\/\/www.ca-personalfinancemobility.com\/wp-content\/uploads\/T1-2026_1052x554-HEADER.jpg","type":"image\/jpeg"}],"twitter_card":"summary_large_image","twitter_misc":{"Est. reading time":"1 minute"},"schema":{"@context":"https:\/\/schema.org","@graph":[{"@type":"WebPage","@id":"https:\/\/www.ca-personalfinancemobility.com\/en\/actualite\/first-quarter-2026-results-of-credit-agricole-s-a\/","url":"https:\/\/www.ca-personalfinancemobility.com\/en\/actualite\/first-quarter-2026-results-of-credit-agricole-s-a\/","name":"R\u00e9sultats du 3e trimestre et des 9 premiers mois de l\u2019ann\u00e9e 2025","isPartOf":{"@id":"https:\/\/www.ca-personalfinancemobility.com\/en\/#website"},"primaryImageOfPage":{"@id":"https:\/\/www.ca-personalfinancemobility.com\/en\/actualite\/first-quarter-2026-results-of-credit-agricole-s-a\/#primaryimage"},"image":{"@id":"https:\/\/www.ca-personalfinancemobility.com\/en\/actualite\/first-quarter-2026-results-of-credit-agricole-s-a\/#primaryimage"},"thumbnailUrl":"https:\/\/www.ca-personalfinancemobility.com\/wp-content\/uploads\/T1-2026_1052x554-HEADER.jpg","datePublished":"2026-04-30T15:49:27+00:00","dateModified":"2026-04-30T16:14:04+00:00","description":"Activit\u00e9 soutenue et r\u00e9sultats \u00e9lev\u00e9s","breadcrumb":{"@id":"https:\/\/www.ca-personalfinancemobility.com\/en\/actualite\/first-quarter-2026-results-of-credit-agricole-s-a\/#breadcrumb"},"inLanguage":"en-US","potentialAction":[{"@type":"ReadAction","target":["https:\/\/www.ca-personalfinancemobility.com\/en\/actualite\/first-quarter-2026-results-of-credit-agricole-s-a\/"]}]},{"@type":"ImageObject","inLanguage":"en-US","@id":"https:\/\/www.ca-personalfinancemobility.com\/en\/actualite\/first-quarter-2026-results-of-credit-agricole-s-a\/#primaryimage","url":"https:\/\/www.ca-personalfinancemobility.com\/wp-content\/uploads\/T1-2026_1052x554-HEADER.jpg","contentUrl":"https:\/\/www.ca-personalfinancemobility.com\/wp-content\/uploads\/T1-2026_1052x554-HEADER.jpg","width":1052,"height":554},{"@type":"BreadcrumbList","@id":"https:\/\/www.ca-personalfinancemobility.com\/en\/actualite\/first-quarter-2026-results-of-credit-agricole-s-a\/#breadcrumb","itemListElement":[{"@type":"ListItem","position":1,"name":"Accueil","item":"https:\/\/www.ca-personalfinancemobility.com\/en\/"},{"@type":"ListItem","position":2,"name":"First quarter 2026 results of Cr\u00e9dit Agricole S.A."}]},{"@type":"WebSite","@id":"https:\/\/www.ca-personalfinancemobility.com\/en\/#website","url":"https:\/\/www.ca-personalfinancemobility.com\/en\/","name":"CA Personal Finance & Mobility","description":"","publisher":{"@id":"https:\/\/www.ca-personalfinancemobility.com\/en\/#organization"},"potentialAction":[{"@type":"SearchAction","target":{"@type":"EntryPoint","urlTemplate":"https:\/\/www.ca-personalfinancemobility.com\/en\/?s={search_term_string}"},"query-input":{"@type":"PropertyValueSpecification","valueRequired":true,"valueName":"search_term_string"}}],"inLanguage":"en-US"},{"@type":"Organization","@id":"https:\/\/www.ca-personalfinancemobility.com\/en\/#organization","name":"CA Personal Finance & Mobility","url":"https:\/\/www.ca-personalfinancemobility.com\/en\/","logo":{"@type":"ImageObject","inLanguage":"en-US","@id":"https:\/\/www.ca-personalfinancemobility.com\/en\/#\/schema\/logo\/image\/","url":"https:\/\/www.ca-personalfinancemobility.com\/wp-content\/uploads\/CAPFM.svg","contentUrl":"https:\/\/www.ca-personalfinancemobility.com\/wp-content\/uploads\/CAPFM.svg","caption":"CA Personal Finance & Mobility"},"image":{"@id":"https:\/\/www.ca-personalfinancemobility.com\/en\/#\/schema\/logo\/image\/"}}]}},"_links":{"self":[{"href":"https:\/\/www.ca-personalfinancemobility.com\/en\/wp-json\/wp\/v2\/actualite\/8539","targetHints":{"allow":["GET"]}}],"collection":[{"href":"https:\/\/www.ca-personalfinancemobility.com\/en\/wp-json\/wp\/v2\/actualite"}],"about":[{"href":"https:\/\/www.ca-personalfinancemobility.com\/en\/wp-json\/wp\/v2\/types\/actualite"}],"version-history":[{"count":3,"href":"https:\/\/www.ca-personalfinancemobility.com\/en\/wp-json\/wp\/v2\/actualite\/8539\/revisions"}],"predecessor-version":[{"id":8548,"href":"https:\/\/www.ca-personalfinancemobility.com\/en\/wp-json\/wp\/v2\/actualite\/8539\/revisions\/8548"}],"wp:featuredmedia":[{"embeddable":true,"href":"https:\/\/www.ca-personalfinancemobility.com\/en\/wp-json\/wp\/v2\/media\/8537"}],"wp:attachment":[{"href":"https:\/\/www.ca-personalfinancemobility.com\/en\/wp-json\/wp\/v2\/media?parent=8539"}],"wp:term":[{"taxonomy":"categorie-actualite","embeddable":true,"href":"https:\/\/www.ca-personalfinancemobility.com\/en\/wp-json\/wp\/v2\/categorie-actualite?post=8539"}],"curies":[{"name":"wp","href":"https:\/\/api.w.org\/{rel}","templated":true}]}}